{"id":10388,"date":"2023-09-26T17:02:01","date_gmt":"2023-09-26T15:02:01","guid":{"rendered":"http:\/\/franco-tcheque-nantes.org\/?p=10388"},"modified":"2023-09-27T12:04:50","modified_gmt":"2023-09-27T10:04:50","slug":"zari-2023","status":"publish","type":"post","link":"https:\/\/franco-tcheque-nantes.org\/?p=10388&lang=fr","title":{"rendered":"Zari 2023"},"content":{"rendered":"<p>Douf\u00e1me, \u017ee se v\u00e1m n\u00e1vrat do ka\u017edodenn\u00edho \u017eivota po l\u00e9t\u011b vyda\u0159il a jste p\u0159ipraveni na nov\u00fd \u0161koln\u00ed rok!<\/p>\n<p>V na\u0161\u00ed \u010dinnosti pokra\u010dujeme ji\u017e <strong>10. rokem<\/strong>, a st\u00e1le d\u00edky dobrovoln\u00edk\u016fm, d\u011bkujeme jim za jejich energii. Zm\u011bna je ve vzduchu, tak\u017ee n\u011bkter\u00e9 aktivity se up\u0159esn\u00ed v n\u00e1sleduj\u00edc\u00edch t\u00fddnech, a ano, tak\u00e9 se nem\u016f\u017eeme do\u010dkat, a\u017e v\u00e1s zase uvid\u00edme!<\/p>\n<p>&nbsp;<\/p>\n<p>Chcete-li obnovit sv\u00e9 <strong>\u010dlenstv\u00ed<\/strong>, m\u016f\u017eete tak u\u010dinit na HelloAsso: <a href=\"https:\/\/www.helloasso.com\/associations\/association-franco-tcheque-nantes\/adhesions\/adhesion-2023-2024\">https:\/\/www.helloasso.com\/associations\/association-franco-tcheque-nantes\/adhesions\/adhesion-2023-2024<\/a><\/p>\n<p>Pro rodiny, kter\u00e9 jsou sou\u010d\u00e1st\u00ed \u010desk\u00e9 \u0161koly <strong>Kli\u010dek<\/strong>, je to zde: <a href=\"https:\/\/www.helloasso.com\/associations\/association-franco-tcheque-nantes\/evenements\/konici-2023-2024\">https:\/\/www.helloasso.com\/associations\/association-franco-tcheque-nantes\/evenements\/konici-2023-2024<\/a><\/p>\n<p>&nbsp;<\/p>\n<p>A u <strong>kurz\u016f \u010de\u0161tiny<\/strong> budou podrobn\u00e9 informace brzy k dispozici!<\/p>\n","protected":false},"excerpt":{"rendered":"<p>Douf\u00e1me, \u017ee se v\u00e1m n\u00e1vrat do ka\u017edodenn\u00edho \u017eivota po l\u00e9t\u011b vyda\u0159il a jste p\u0159ipraveni na nov\u00fd \u0161koln\u00ed rok! V na\u0161\u00ed \u010dinnosti pokra\u010dujeme ji\u017e 10. rokem, a st\u00e1le d\u00edky dobrovoln\u00edk\u016fm, d\u011bkujeme jim za jejich energii. Zm\u011bna je ve vzduchu, tak\u017ee n\u011bkter\u00e9 aktivity se up\u0159esn\u00ed v n\u00e1sleduj\u00edc\u00edch t\u00fddnech, a ano, tak\u00e9 se nem\u016f\u017eeme do\u010dkat, a\u017e v\u00e1s zase &hellip;<\/p>\n","protected":false},"author":3,"featured_media":0,"comment_status":"closed","ping_status":"closed","sticky":false,"template":"","format":"standard","meta":{"footnotes":""},"categories":[15],"tags":[],"class_list":["post-10388","post","type-post","status-publish","format-standard","hentry","category-non-classe-fr"],"_links":{"self":[{"href":"https:\/\/franco-tcheque-nantes.org\/index.php?rest_route=\/wp\/v2\/posts\/10388","targetHints":{"allow":["GET"]}}],"collection":[{"href":"https:\/\/franco-tcheque-nantes.org\/index.php?rest_route=\/wp\/v2\/posts"}],"about":[{"href":"https:\/\/franco-tcheque-nantes.org\/index.php?rest_route=\/wp\/v2\/types\/post"}],"author":[{"embeddable":true,"href":"https:\/\/franco-tcheque-nantes.org\/index.php?rest_route=\/wp\/v2\/users\/3"}],"replies":[{"embeddable":true,"href":"https:\/\/franco-tcheque-nantes.org\/index.php?rest_route=%2Fwp%2Fv2%2Fcomments&post=10388"}],"version-history":[{"count":2,"href":"https:\/\/franco-tcheque-nantes.org\/index.php?rest_route=\/wp\/v2\/posts\/10388\/revisions"}],"predecessor-version":[{"id":10408,"href":"https:\/\/franco-tcheque-nantes.org\/index.php?rest_route=\/wp\/v2\/posts\/10388\/revisions\/10408"}],"wp:attachment":[{"href":"https:\/\/franco-tcheque-nantes.org\/index.php?rest_route=%2Fwp%2Fv2%2Fmedia&parent=10388"}],"wp:term":[{"taxonomy":"category","embeddable":true,"href":"https:\/\/franco-tcheque-nantes.org\/index.php?rest_route=%2Fwp%2Fv2%2Fcategories&post=10388"},{"taxonomy":"post_tag","embeddable":true,"href":"https:\/\/franco-tcheque-nantes.org\/index.php?rest_route=%2Fwp%2Fv2%2Ftags&post=10388"}],"curies":[{"name":"wp","href":"https:\/\/api.w.org\/{rel}","templated":true}]}}