{"id":10541,"date":"2025-01-21T10:20:47","date_gmt":"2025-01-21T08:20:47","guid":{"rendered":"https:\/\/franco-tcheque-nantes.org\/?p=10541"},"modified":"2025-01-21T10:25:57","modified_gmt":"2025-01-21T08:25:57","slug":"bonne-annee-2025","status":"publish","type":"post","link":"https:\/\/franco-tcheque-nantes.org\/?p=10541&lang=cs","title":{"rendered":"BONNE ANN\u00c9E 2025 !"},"content":{"rendered":"<p>Chers amis de l&rsquo;Association Franco-Tch\u00e8que,<\/p>\n<p>Nous vous adressons nos meilleurs v\u0153ux pour cette nouvelle ann\u00e9e\u202f: que 2025 vous apporte sant\u00e9, bonheur et r\u00e9ussite\u202f! Nous esp\u00e9rons que vous avez pass\u00e9 un merveilleux No\u00ebl, rempli de joie et de r\u00e9confort.<\/p>\n<p>Nous souhaitons \u00e9galement vous remercier chaleureusement pour votre fid\u00e9lit\u00e9 et votre pr\u00e9cieux soutien. Gr\u00e2ce \u00e0 vous, notre association peut continuer \u00e0 organiser des activit\u00e9s culturelles, \u00e9ducatives et des \u00e9v\u00e9nements sociaux qui rapprochent la culture tch\u00e8que de l\u2019environnement fran\u00e7ais et renforcent les liens au sein de notre belle communaut\u00e9.<\/p>\n<p>Merci d\u2019\u00eatre \u00e0 nos c\u00f4t\u00e9s pour faire vivre ces \u00e9changes et ces moments de partage\u202f!<\/p>\n<p>&nbsp;<\/p>\n<p><strong>Ann\u00e9e 2024 : un bilan r\u00e9solument positif<\/strong><\/p>\n<p><em>STAGIAIRES : Un soutien pr\u00e9cieux<\/em><\/p>\n<p>\u00adEn 2024, nous avons eu la chance de b\u00e9n\u00e9ficier de l\u2019aide pr\u00e9cieuse de deux stagiaires venant de R\u00e9publique tch\u00e8que, qui ont activement contribu\u00e9 \u00e0 l\u2019organisation de nos \u00e9v\u00e9nements \u00e9ducatifs et culturels. Cette collaboration a \u00e9t\u00e9 un v\u00e9ritable succ\u00e8s, et nous tenons \u00e0 exprimer toute notre gratitude pour leur travail et leur engagement !<\/p>\n<p>\u00ad<br \/>\n<em>Ateliers linguistiques<\/em><\/p>\n<p>\u00c0 la fin de l&rsquo;ann\u00e9e 2024, nous avons organis\u00e9 deux ateliers linguistiques pour ceux qui s&rsquo;int\u00e9ressent \u00e0 la langue tch\u00e8que : un apr\u00e8s-midi pour les enfants, et un atelier de fabrication de biscuits de No\u00ebl pour les plus jeunes. Ces activit\u00e9s ont offert une excellente occasion de d\u00e9velopper vos comp\u00e9tences linguistiques tout en d\u00e9couvrant la culture tch\u00e8que dans une ambiance conviviale.<\/p>\n<p>\u00ad\u00ad<br \/>\n<em>La Saint-Nicolas<\/em><br \/>\n\u00ad<br \/>\nLe 8 d\u00e9cembre, nous avons c\u00e9l\u00e9br\u00e9 la traditionnelle f\u00eate de la Saint-Nicolas \u00e0 la salle Balavoine de La Chapelle-sur-Erdre. Cet \u00e9v\u00e9nement a r\u00e9uni 43 enfants et leurs parents venus de toute la r\u00e9gion Loire-Atlantique. Les enfants ont \u00e9t\u00e9 ravis de rencontrer Nicolas, l&rsquo;ange et le diable, dans une atmosph\u00e8re pleine de sourires et de rires. Des chants de No\u00ebl traditionnels tch\u00e8ques faisaient \u00e9galement partie du programme de l&rsquo;apr\u00e8s-midi, cr\u00e9ant ainsi une ambiance festive et permettant \u00e0 chacun de s\u2019impr\u00e9gner de la richesse de nos traditions.<\/p>\n<p>&nbsp;<\/p>\n<p><strong>COOP\u00c9RATION EN 2025 : Un partenariat en pleine expansion !<\/strong><\/p>\n<p>En 2025, nous sommes ravis de poursuivre notre collaboration avec la Maison de Quartier Botti\u00e8re, qui met \u00e0 notre disposition des locaux essentiels pour l\u2019\u00e9cole tch\u00e8que Kl\u00ed\u010dek ainsi que d\u2019autres activit\u00e9s de notre association.<\/p>\n<p>Nous sommes \u00e9galement impatients de d\u00e9buter une nouvelle collaboration avec Vie Associative \u00e0 La Chapelle-sur-Erdre, initi\u00e9e en 2024. Ce partenariat nous offrira de nouvelles opportunit\u00e9s pour organiser des \u00e9v\u00e9nements et des rencontres dans un cadre enrichissant.<\/p>\n","protected":false},"excerpt":{"rendered":"<p>Chers amis de l&rsquo;Association Franco-Tch\u00e8que, Nous vous adressons nos meilleurs v\u0153ux pour cette nouvelle ann\u00e9e\u202f: que 2025 vous apporte sant\u00e9, bonheur et r\u00e9ussite\u202f! Nous esp\u00e9rons que vous avez pass\u00e9 un merveilleux No\u00ebl, rempli de joie et de r\u00e9confort. Nous souhaitons \u00e9galement vous remercier chaleureusement pour votre fid\u00e9lit\u00e9 et votre pr\u00e9cieux soutien. Gr\u00e2ce \u00e0 vous, notre &hellip;<\/p>\n","protected":false},"author":3,"featured_media":0,"comment_status":"closed","ping_status":"closed","sticky":false,"template":"","format":"standard","meta":{"footnotes":""},"categories":[1],"tags":[],"class_list":["post-10541","post","type-post","status-publish","format-standard","hentry","category-non-classe"],"_links":{"self":[{"href":"https:\/\/franco-tcheque-nantes.org\/index.php?rest_route=\/wp\/v2\/posts\/10541","targetHints":{"allow":["GET"]}}],"collection":[{"href":"https:\/\/franco-tcheque-nantes.org\/index.php?rest_route=\/wp\/v2\/posts"}],"about":[{"href":"https:\/\/franco-tcheque-nantes.org\/index.php?rest_route=\/wp\/v2\/types\/post"}],"author":[{"embeddable":true,"href":"https:\/\/franco-tcheque-nantes.org\/index.php?rest_route=\/wp\/v2\/users\/3"}],"replies":[{"embeddable":true,"href":"https:\/\/franco-tcheque-nantes.org\/index.php?rest_route=%2Fwp%2Fv2%2Fcomments&post=10541"}],"version-history":[{"count":5,"href":"https:\/\/franco-tcheque-nantes.org\/index.php?rest_route=\/wp\/v2\/posts\/10541\/revisions"}],"predecessor-version":[{"id":10548,"href":"https:\/\/franco-tcheque-nantes.org\/index.php?rest_route=\/wp\/v2\/posts\/10541\/revisions\/10548"}],"wp:attachment":[{"href":"https:\/\/franco-tcheque-nantes.org\/index.php?rest_route=%2Fwp%2Fv2%2Fmedia&parent=10541"}],"wp:term":[{"taxonomy":"category","embeddable":true,"href":"https:\/\/franco-tcheque-nantes.org\/index.php?rest_route=%2Fwp%2Fv2%2Fcategories&post=10541"},{"taxonomy":"post_tag","embeddable":true,"href":"https:\/\/franco-tcheque-nantes.org\/index.php?rest_route=%2Fwp%2Fv2%2Ftags&post=10541"}],"curies":[{"name":"wp","href":"https:\/\/api.w.org\/{rel}","templated":true}]}}