{"id":10557,"date":"2025-04-18T09:50:51","date_gmt":"2025-04-18T07:50:51","guid":{"rendered":"https:\/\/franco-tcheque-nantes.org\/?p=10557"},"modified":"2025-04-18T09:50:51","modified_gmt":"2025-04-18T07:50:51","slug":"evenements-a-venir","status":"publish","type":"post","link":"https:\/\/franco-tcheque-nantes.org\/?p=10557&lang=cs","title":{"rendered":"\u00c9v\u00e9nements \u00e0 venir"},"content":{"rendered":"<p><strong>F\u00eate de P\u00e2ques et Feu de joie<\/strong><br \/>\n\u00ad<br \/>\n Le 26 avril, arr\u00eat Fac de Droit, all\u00e9e Julien Gracq, 44300, Nantes<br \/>\n \u00c0 partir de 14h, nous c\u00e9l\u00e9brerons la P\u00e2ques tch\u00e8que avec les plus jeunes. Venez participer \u00e0 cette tradition, proposer une activit\u00e9 ou simplement profiter d\u2019un moment convivial avec nous.<br \/>\n \u00c0 18h, nous allumerons un grand feu de joie pour marquer la f\u00eate de \u010carod\u011bjnice, qui se c\u00e9l\u00e8bre traditionnellement le 30 avril. Une belle occasion de partager cette tradition tch\u00e8que en bonne compagnie !<\/p>\n<p>\u00ad<br \/>\n\u00ad<br \/>\n<strong>Projection du film \u00ab\u00a0Ucho\u00a0\u00bb de Karel Kachy\u0148a<\/strong><br \/>\n\u00ad<br \/>\n Entre le 7 et le 27 mai \u2013 horaires des s\u00e9ances \u00e0 venir<br \/>\nLe Cin\u00e9matographe de Nantes proposera une projection du film culte \u00ab\u00a0Ucho\u00a0\u00bb (L\u2019Oreille, 1970), un chef-d\u2019\u0153uvre du cin\u00e9ma tch\u00e8que avec Radoslav Brzobohat\u00fd et Ji\u0159ina Bohdalov\u00e1. Ce film, longtemps censur\u00e9 en Tch\u00e9coslovaquie, a \u00e9t\u00e9 pr\u00e9sent\u00e9 au Festival de Cannes en 1990. C\u2019est un thriller politique intense et captivant.<br \/>\n L\u2019AFTN a \u00e9t\u00e9 invit\u00e9e par les organisateurs \u00e0 participer aux projections \u2013 une belle opportunit\u00e9 pour notre association de mettre en avant la culture tch\u00e8que et d\u2019\u00e9changer autour de ce film embl\u00e9matique. Nous esp\u00e9rons vous y retrouver nombreux !<\/p>\n<p><a href=\"https:\/\/swisstransfer.com\/d\/2dc92877-7299-48fa-a811-92173d79bed6\">https:\/\/swisstransfer.com\/d\/2dc92877-7299-48fa-a811-92173d79bed6<\/a><\/p>\n<p>Le Monde<br \/>\n<a href=\"https:\/\/www.lemonde.fr\/culture\/article\/2025\/03\/12\/reprise-ucho-la-folie-d-un-couple-et-d-un-systeme-politique_6579575_3246.html\">https:\/\/www.lemonde.fr\/culture\/article\/2025\/03\/12\/reprise-ucho-la-folie-d-un-couple-et-d-un-systeme-politique_6579575_3246.html<\/a><\/p>\n<p>L&rsquo;Humanit\u00e9<br \/>\n<a href=\"https:\/\/www.humanite.fr\/culture-et-savoir\/cinema\/ucho-de-karel-kachyna-quand-la-paranoia-se-mele-a-la-dispute-conjugale-avec-un-humour-feroce\">https:\/\/www.humanite.fr\/culture-et-savoir\/cinema\/ucho-de-karel-kachyna-quand-la-paranoia-se-mele-a-la-dispute-conjugale-avec-un-humour-feroce<\/a><\/p>\n<p>\u00ad<br \/>\n<strong>Projection en plein air<\/strong><br \/>\n\u00ad<br \/>\n Le 8 juin \u00e0 20h, 10 Rue Claude Debussy, 44700, Orvault<br \/>\nNous vous donnons \u00e9galement rendez-vous pour une s\u00e9ance de cin\u00e9ma en plein air (letn\u00ed kino) le 8 juin \u00e0 partir de 20h chez notre vice-pr\u00e9sidente, \u0160\u00e1rka. Plus d\u2019informations sur le film projet\u00e9 \u00e0 venir, mais r\u00e9servez d\u00e9j\u00e0 la date !<\/p>\n<p>\u00ad<br \/>\n\u00ad<br \/>\n <strong>Feu de joie<\/strong><br \/>\n\u00ad<br \/>\n Le 21 juin \u00e0 18h, Parc de la Gr\u00e8ve &#8211; Rue Lancelot, 4 Rue Codet, 44400 Rez\u00e9<br \/>\n Les enfants de l\u2019\u00e9cole Kli\u010dek auront leur dernier cours de l\u2019ann\u00e9e dans l\u2019apr\u00e8s-midi.<br \/>\n \u00c0 suivre : un feu de joie en soir\u00e9e, dans le cadre de la F\u00eate de la Musique. L\u2019\u00e9v\u00e9nement est ouvert \u00e0 tous, alors venez f\u00eater l\u2019arriv\u00e9e de l\u2019\u00e9t\u00e9 avec nous dans une ambiance festive et conviviale !<\/p>\n","protected":false},"excerpt":{"rendered":"<p>F\u00eate de P\u00e2ques et Feu de joie \u00ad Le 26 avril, arr\u00eat Fac de Droit, all\u00e9e Julien Gracq, 44300, Nantes \u00c0 partir de 14h, nous c\u00e9l\u00e9brerons la P\u00e2ques tch\u00e8que avec les plus jeunes. Venez participer \u00e0 cette tradition, proposer une activit\u00e9 ou simplement profiter d\u2019un moment convivial avec nous. \u00c0 18h, nous allumerons un grand &hellip;<\/p>\n","protected":false},"author":3,"featured_media":0,"comment_status":"closed","ping_status":"closed","sticky":false,"template":"","format":"standard","meta":{"footnotes":""},"categories":[1],"tags":[],"class_list":["post-10557","post","type-post","status-publish","format-standard","hentry","category-non-classe"],"_links":{"self":[{"href":"https:\/\/franco-tcheque-nantes.org\/index.php?rest_route=\/wp\/v2\/posts\/10557","targetHints":{"allow":["GET"]}}],"collection":[{"href":"https:\/\/franco-tcheque-nantes.org\/index.php?rest_route=\/wp\/v2\/posts"}],"about":[{"href":"https:\/\/franco-tcheque-nantes.org\/index.php?rest_route=\/wp\/v2\/types\/post"}],"author":[{"embeddable":true,"href":"https:\/\/franco-tcheque-nantes.org\/index.php?rest_route=\/wp\/v2\/users\/3"}],"replies":[{"embeddable":true,"href":"https:\/\/franco-tcheque-nantes.org\/index.php?rest_route=%2Fwp%2Fv2%2Fcomments&post=10557"}],"version-history":[{"count":1,"href":"https:\/\/franco-tcheque-nantes.org\/index.php?rest_route=\/wp\/v2\/posts\/10557\/revisions"}],"predecessor-version":[{"id":10558,"href":"https:\/\/franco-tcheque-nantes.org\/index.php?rest_route=\/wp\/v2\/posts\/10557\/revisions\/10558"}],"wp:attachment":[{"href":"https:\/\/franco-tcheque-nantes.org\/index.php?rest_route=%2Fwp%2Fv2%2Fmedia&parent=10557"}],"wp:term":[{"taxonomy":"category","embeddable":true,"href":"https:\/\/franco-tcheque-nantes.org\/index.php?rest_route=%2Fwp%2Fv2%2Fcategories&post=10557"},{"taxonomy":"post_tag","embeddable":true,"href":"https:\/\/franco-tcheque-nantes.org\/index.php?rest_route=%2Fwp%2Fv2%2Ftags&post=10557"}],"curies":[{"name":"wp","href":"https:\/\/api.w.org\/{rel}","templated":true}]}}