{"id":10559,"date":"2025-04-18T09:54:18","date_gmt":"2025-04-18T07:54:18","guid":{"rendered":"https:\/\/franco-tcheque-nantes.org\/?p=10559"},"modified":"2025-04-18T09:54:56","modified_gmt":"2025-04-18T07:54:56","slug":"10559","status":"publish","type":"post","link":"https:\/\/franco-tcheque-nantes.org\/?p=10559&lang=fr","title":{"rendered":"Nadch\u00e1zej\u00edc\u00ed ud\u00e1losti"},"content":{"rendered":"<div class=\"relative\">\n<div class=\"prose text-pretty dark:prose-invert inline leading-normal break-words min-w-0 [word-break:break-word]\">\n<p class=\"my-0\"><strong>Velikonoce a ohe\u0148<\/strong><\/p>\n<p class=\"my-0\">\u00ad<br \/>\n26. dubna, zast\u00e1vka Fac de Droit, all\u00e9e Julien Gracq, 44300 Nantes<br \/>\nOd 14 hodin budeme slavit \u010desk\u00e9 Velikonoce s nejmlad\u0161\u00edmi. P\u0159ij\u010fte se zapojit do t\u00e9to tradice, nab\u00eddnout vlastn\u00ed aktivitu nebo si prost\u011b jen u\u017e\u00edt p\u0159\u00edjemn\u00e9 odpoledne s n\u00e1mi.<br \/>\nV 18 hodin zap\u00e1l\u00edme velk\u00fd ohe\u0148 na oslavu sv\u00e1tku \u010carod\u011bjnic, kter\u00fd se tradi\u010dn\u011b slav\u00ed 30. dubna. Skv\u011bl\u00e1 p\u0159\u00edle\u017eitost sd\u00edlet tuto \u010deskou tradici ve skv\u011bl\u00e9 spole\u010dnosti!<\/p>\n<p class=\"my-0\">\u00ad<br \/>\n\u00ad<br \/>\n<strong>Projekce filmu \u00ab\u00a0Ucho\u00a0\u00bb Karla Kachyni<\/strong><\/p>\n<p class=\"my-0\">\u00ad<br \/>\nMezi 7. a 27. kv\u011btnem \u2013 p\u0159esn\u00e9 \u010dasy projekc\u00ed budou up\u0159esn\u011bny<br \/>\nKino Le Cin\u00e9matographe v Nantes nab\u00eddne projekci kultovn\u00edho filmu \u00ab\u00a0Ucho\u00a0\u00bb (L\u2019Oreille, 1970), mistrovsk\u00e9ho d\u00edla \u010desk\u00e9 kinematografie s Radoslavem Brzobohat\u00fdm a Ji\u0159inou Bohdalovou. Tento film byl v \u010ceskoslovensku dlouho cenzurov\u00e1n a na festivalu v Cannes byl uveden a\u017e v roce 1990. Jde o intenzivn\u00ed a strhuj\u00edc\u00ed politick\u00fd thriller.<br \/>\nOrganiz\u00e1to\u0159i pozvali AFTN, aby se projekc\u00ed \u00fa\u010dastnila \u2013 je to skv\u011bl\u00e1 p\u0159\u00edle\u017eitost pro na\u0161i asociaci p\u0159edstavit \u010deskou kulturu a diskutovat o tomto ikonick\u00e9m filmu. T\u011b\u0161\u00edme se na va\u0161i hojnou \u00fa\u010dast!<\/p>\n<p class=\"my-0\">\u00ad<a href=\"https:\/\/swisstransfer.com\/d\/2dc92877-7299-48fa-a811-92173d79bed6\">https:\/\/swisstransfer.com\/d\/2dc92877-7299-48fa-a811-92173d79bed6<\/a><\/p>\n<p>Le Monde<br \/>\n<a href=\"https:\/\/www.lemonde.fr\/culture\/article\/2025\/03\/12\/reprise-ucho-la-folie-d-un-couple-et-d-un-systeme-politique_6579575_3246.html\">https:\/\/www.lemonde.fr\/culture\/article\/2025\/03\/12\/reprise-ucho-la-folie-d-un-couple-et-d-un-systeme-politique_6579575_3246.html<\/a><\/p>\n<p>L\u2019Humanit\u00e9<br \/>\n<a href=\"https:\/\/www.humanite.fr\/culture-et-savoir\/cinema\/ucho-de-karel-kachyna-quand-la-paranoia-se-mele-a-la-dispute-conjugale-avec-un-humour-feroce\">https:\/\/www.humanite.fr\/culture-et-savoir\/cinema\/ucho-de-karel-kachyna-quand-la-paranoia-se-mele-a-la-dispute-conjugale-avec-un-humour-feroce<\/a><\/p>\n<p class=\"my-0\">\u00ad<br \/>\n<strong>Letni kino<\/strong><\/p>\n<p class=\"my-0\">\u00ad<br \/>\n8. \u010dervna ve 20 hodin, 10 Rue Claude Debussy, 44700 Orvault<br \/>\nZveme v\u00e1s tak\u00e9 na letn\u00ed kino pod \u0161ir\u00fdm nebem dne 8. \u010dervna od 20 hodin u na\u0161\u00ed m\u00edstop\u0159edsedkyn\u011b \u0160\u00e1rky. Dal\u0161\u00ed informace o prom\u00edtan\u00e9m filmu budou brzy zve\u0159ejn\u011bny, ale datum si u\u017e te\u010f rezervujte!<\/p>\n<p class=\"my-0\">\u00ad<br \/>\n\u00ad<br \/>\n<strong>Ohe\u0148<\/strong><\/p>\n<p class=\"my-0\">\u00ad<br \/>\n21. \u010dervna v 18 hodin, Parc de la Gr\u00e8ve \u2013 Rue Lancelot, 4 Rue Codet, 44400 Rez\u00e9<br \/>\nD\u011bti z \u010desk\u00e9 \u0161koly Kl\u00ed\u010dek budou m\u00edt odpoledne posledn\u00ed hodinu v tomto \u0161koln\u00edm roce.<br \/>\nN\u00e1sledovat bude ve\u010dern\u00ed ohe\u0148 v r\u00e1mci F\u00eate de la Musique. Akce je otev\u0159en\u00e1 v\u0161em, p\u0159ij\u010fte s n\u00e1mi oslavit p\u0159\u00edchod l\u00e9ta v p\u0159\u00e1telsk\u00e9 a slavnostn\u00ed atmosf\u00e9\u0159e!<\/p>\n<\/div>\n<\/div>\n","protected":false},"excerpt":{"rendered":"<p>Velikonoce a ohe\u0148 \u00ad 26. dubna, zast\u00e1vka Fac de Droit, all\u00e9e Julien Gracq, 44300 Nantes Od 14 hodin budeme slavit \u010desk\u00e9 Velikonoce s nejmlad\u0161\u00edmi. P\u0159ij\u010fte se zapojit do t\u00e9to tradice, nab\u00eddnout vlastn\u00ed aktivitu nebo si prost\u011b jen u\u017e\u00edt p\u0159\u00edjemn\u00e9 odpoledne s n\u00e1mi. V 18 hodin zap\u00e1l\u00edme velk\u00fd ohe\u0148 na oslavu sv\u00e1tku \u010carod\u011bjnic, kter\u00fd se tradi\u010dn\u011b &hellip;<\/p>\n","protected":false},"author":3,"featured_media":0,"comment_status":"closed","ping_status":"closed","sticky":false,"template":"","format":"standard","meta":{"footnotes":""},"categories":[15],"tags":[],"class_list":["post-10559","post","type-post","status-publish","format-standard","hentry","category-non-classe-fr"],"_links":{"self":[{"href":"https:\/\/franco-tcheque-nantes.org\/index.php?rest_route=\/wp\/v2\/posts\/10559","targetHints":{"allow":["GET"]}}],"collection":[{"href":"https:\/\/franco-tcheque-nantes.org\/index.php?rest_route=\/wp\/v2\/posts"}],"about":[{"href":"https:\/\/franco-tcheque-nantes.org\/index.php?rest_route=\/wp\/v2\/types\/post"}],"author":[{"embeddable":true,"href":"https:\/\/franco-tcheque-nantes.org\/index.php?rest_route=\/wp\/v2\/users\/3"}],"replies":[{"embeddable":true,"href":"https:\/\/franco-tcheque-nantes.org\/index.php?rest_route=%2Fwp%2Fv2%2Fcomments&post=10559"}],"version-history":[{"count":2,"href":"https:\/\/franco-tcheque-nantes.org\/index.php?rest_route=\/wp\/v2\/posts\/10559\/revisions"}],"predecessor-version":[{"id":10561,"href":"https:\/\/franco-tcheque-nantes.org\/index.php?rest_route=\/wp\/v2\/posts\/10559\/revisions\/10561"}],"wp:attachment":[{"href":"https:\/\/franco-tcheque-nantes.org\/index.php?rest_route=%2Fwp%2Fv2%2Fmedia&parent=10559"}],"wp:term":[{"taxonomy":"category","embeddable":true,"href":"https:\/\/franco-tcheque-nantes.org\/index.php?rest_route=%2Fwp%2Fv2%2Fcategories&post=10559"},{"taxonomy":"post_tag","embeddable":true,"href":"https:\/\/franco-tcheque-nantes.org\/index.php?rest_route=%2Fwp%2Fv2%2Ftags&post=10559"}],"curies":[{"name":"wp","href":"https:\/\/api.w.org\/{rel}","templated":true}]}}